[{"@context":"https:\/\/schema.org\/","@type":"Article","@id":"https:\/\/www.mesro.cz\/problemy-se-sektorovym-nabytkem-jsou-pryc\/#Article","mainEntityOfPage":"https:\/\/www.mesro.cz\/problemy-se-sektorovym-nabytkem-jsou-pryc\/","headline":"Probl\u00e9my se sektorov\u00fdm n\u00e1bytkem jsou pry\u010d!","name":"Probl\u00e9my se sektorov\u00fdm n\u00e1bytkem jsou pry\u010d!","description":"Pokud m\u00e1te pocit, \u017ee jedin\u011b n\u00e1bytek na m\u00edru do va\u0161ich prostor je to prav\u00e9, ur\u010dit\u011b se obra\u0165te na n\u00e1s..","datePublished":"2024-12-31","dateModified":"2024-12-31","author":{"@type":"Person","@id":"https:\/\/www.mesro.cz\/author\/#Person","name":"","url":"https:\/\/www.mesro.cz\/author\/","identifier":1,"image":{"@type":"ImageObject","@id":"https:\/\/secure.gravatar.com\/avatar\/c61c2d82e330ff9c70cf023b4c62d411e8407bcb38f85df591fa270717754b44?s=96&d=mm&r=g","url":"https:\/\/secure.gravatar.com\/avatar\/c61c2d82e330ff9c70cf023b4c62d411e8407bcb38f85df591fa270717754b44?s=96&d=mm&r=g","height":96,"width":96}},"publisher":{"@type":"Organization","name":"mesro.cz","logo":{"@type":"ImageObject","@id":"\/logo.png","url":"\/logo.png","width":600,"height":60}},"url":"https:\/\/www.mesro.cz\/problemy-se-sektorovym-nabytkem-jsou-pryc\/","wordCount":204,"articleBody":"Pokud m\u00e1te pocit, \u017ee jedin\u011b n\u00e1bytek na m\u00edru do va\u0161ich prostor je to prav\u00e9, ur\u010dit\u011b se obra\u0165te na n\u00e1s.Ka\u017edou sk\u0159\u00ed\u0148ku m\u016f\u017eeme vyrobit p\u0159esn\u011b na milimetr p\u0159esn\u011b podle va\u0161ich origin\u00e1ln\u00edch p\u0159edstav a prostor\u016f, kter\u00e9 m\u00e1te k dispozici. A\u0165 u\u017e se jedn\u00e1 o atypickou kuchyni \u010di jin\u00e9 m\u00edstnosti. Ned\u011bl\u00e1me \u017e\u00e1dn\u00e9 nesmysln\u00e9 d\u00edry ani nedom\u011b\u0159ujeme zvl\u00e1\u0161tn\u00ed kousky pro zb\u00fdvaj\u00edc\u00ed prostory, abychom doplnili n\u011bjak\u00e9 s\u00e9riov\u00e9 kousky n\u00e1bytku. V\u017edy vych\u00e1z\u00edme nejen z p\u0159esn\u00e9ho m\u011b\u0159en\u00ed prostor\u016f, ale tak\u00e9 z toho, kolik m\u011b\u0159\u00ed hlavn\u00ed kucha\u0159 rodiny. Proto\u017ee ka\u017ed\u00fd z n\u00e1s by ide\u00e1ln\u011b pot\u0159eboval jinou v\u00fd\u0161kou pracovn\u00ed desky, aby se zbyte\u010dn\u011b nemusel oh\u00fdbat. My se d\u00e1le v\u017edy zam\u011b\u0159ujeme kv\u016fli spokojenosti na dal\u0161\u00ed d\u016fle\u017eitou v\u011bc a tou je v\u00e1\u0161 styl a vkus. Sna\u017e\u00edme se respektovat v\u0161echna va\u0161e p\u0159\u00e1n\u00ed na design, prakti\u010dnost a kvalitu. N\u011bkdy v\u0161ak je pot\u0159eba ale dodr\u017eovat ur\u010dit\u00e1 pravidla u\u017e jenom kv\u016fli bezpe\u010dnosti a funk\u010dnosti cel\u00e9ho prostoru.                                                                                                                                                                                                                                                                                                                                                                                                 "},{"@context":"https:\/\/schema.org\/","@type":"BreadcrumbList","itemListElement":[{"@type":"ListItem","position":1,"name":"Probl\u00e9my se sektorov\u00fdm n\u00e1bytkem jsou pry\u010d!","item":"https:\/\/www.mesro.cz\/problemy-se-sektorovym-nabytkem-jsou-pryc\/#breadcrumbitem"}]}]