[{"@context":"https:\/\/schema.org\/","@type":"Article","@id":"https:\/\/www.mesro.cz\/relaxacni-vana\/#Article","mainEntityOfPage":"https:\/\/www.mesro.cz\/relaxacni-vana\/","headline":"Relaxa\u010dn\u00ed vana","name":"Relaxa\u010dn\u00ed vana","description":"Pokud i v\u00e1s tr\u00e1p\u00ed stres, nedostate\u010dn\u00fd odpo\u010dinek a spousta starost\u00ed, tak byste se m\u011bli nau\u010dit jednou za \u010das naprosto.","datePublished":"2024-11-23","dateModified":"2024-11-23","author":{"@type":"Person","@id":"https:\/\/www.mesro.cz\/author\/#Person","name":"","url":"https:\/\/www.mesro.cz\/author\/","identifier":1,"image":{"@type":"ImageObject","@id":"https:\/\/secure.gravatar.com\/avatar\/c61c2d82e330ff9c70cf023b4c62d411e8407bcb38f85df591fa270717754b44?s=96&d=mm&r=g","url":"https:\/\/secure.gravatar.com\/avatar\/c61c2d82e330ff9c70cf023b4c62d411e8407bcb38f85df591fa270717754b44?s=96&d=mm&r=g","height":96,"width":96}},"publisher":{"@type":"Organization","name":"mesro.cz","logo":{"@type":"ImageObject","@id":"\/logo.png","url":"\/logo.png","width":600,"height":60}},"url":"https:\/\/www.mesro.cz\/relaxacni-vana\/","wordCount":166,"articleBody":"Pokud i v\u00e1s tr\u00e1p\u00ed stres, nedostate\u010dn\u00fd odpo\u010dinek a spousta starost\u00ed, tak byste se m\u011bli nau\u010dit jednou za \u010das naprosto vypnout, zapomenout na v\u0161echny pot\u00ed\u017ee a jen tak si u\u017e\u00edvat a relaxovat. K tomu v\u00e1m skv\u011ble poslou\u017e\u00ed pr\u00e1v\u011b skv\u011bl\u00e1 v\u00ed\u0159ivka Ostrava, se kterou to p\u016fjde naprosto samo. Polo\u017e\u00edte se do n\u00ed, vypnete ve\u0161ker\u00e9 nep\u0159\u00edjemn\u00e9 my\u0161lenky a polo\u017e\u00edte se do naprost\u00e9ho r\u00e1je, kde budete jen tak relaxovat a u\u017e\u00edvat si.Dokonal\u00e1 cena v\u00e1s p\u0159ekvap\u00edMysl\u00edte si, \u017ee v\u00ed\u0159ivka je n\u011bco, co si nem\u016f\u017eete dovolit? Nenechejte se spl\u00e9st, tuto skv\u011blou mas\u00e1\u017en\u00ed vanu si m\u016f\u017ee dovolit naprosto ka\u017ed\u00fd, kdo m\u00e1 o ni opravdov\u00fd z\u00e1jem. D\u00e1 se toti\u017e na ni na\u0161et\u0159it, stejn\u011b jako na rodinnou dovolenou. M\u016f\u017eete m\u00edt tedy jistotu, \u017ee tuto skv\u011blou z\u00e1le\u017eitost si nebudete muset odp\u00edrat.                                                                                                                                                                                                                                                                                                                                                                                                "},{"@context":"https:\/\/schema.org\/","@type":"BreadcrumbList","itemListElement":[{"@type":"ListItem","position":1,"name":"Relaxa\u010dn\u00ed vana","item":"https:\/\/www.mesro.cz\/relaxacni-vana\/#breadcrumbitem"}]}]