[{"@context":"https:\/\/schema.org\/","@type":"Article","@id":"https:\/\/www.mesro.cz\/sedaci-vaky-pro-deti-i-pro-dospele\/#Article","mainEntityOfPage":"https:\/\/www.mesro.cz\/sedaci-vaky-pro-deti-i-pro-dospele\/","headline":"Sedac\u00ed vaky pro d\u011bti i pro dosp\u011bl\u00e9","name":"Sedac\u00ed vaky pro d\u011bti i pro dosp\u011bl\u00e9","description":"D\u011bti jsou radost do cel\u00e9ho \u017eivota a kdo je m\u00e1, tak ur\u010dit\u011b v\u00ed, o co jde. Neust\u00e1le h\u00e1dky a.","datePublished":"2022-11-13","dateModified":"2023-05-03","author":{"@type":"Person","@id":"https:\/\/www.mesro.cz\/author\/#Person","name":"","url":"https:\/\/www.mesro.cz\/author\/","identifier":1,"image":{"@type":"ImageObject","@id":"https:\/\/secure.gravatar.com\/avatar\/c61c2d82e330ff9c70cf023b4c62d411e8407bcb38f85df591fa270717754b44?s=96&d=mm&r=g","url":"https:\/\/secure.gravatar.com\/avatar\/c61c2d82e330ff9c70cf023b4c62d411e8407bcb38f85df591fa270717754b44?s=96&d=mm&r=g","height":96,"width":96}},"publisher":{"@type":"Organization","name":"mesro.cz","logo":{"@type":"ImageObject","@id":"\/logo.png","url":"\/logo.png","width":600,"height":60}},"image":{"@type":"ImageObject","@id":"https:\/\/www.mesro.cz\/wp-content\/uploads\/bean-bag-gc9826bd61_1280.png","url":"https:\/\/www.mesro.cz\/wp-content\/uploads\/bean-bag-gc9826bd61_1280.png","height":0,"width":0},"url":"https:\/\/www.mesro.cz\/sedaci-vaky-pro-deti-i-pro-dospele\/","about":["Produkty"],"wordCount":438,"articleBody":"        D\u011bti jsou radost do cel\u00e9ho \u017eivota a kdo je m\u00e1, tak ur\u010dit\u011b v\u00ed, o co jde. Neust\u00e1le h\u00e1dky a po\u0161\u0165uchov\u00e1n\u00ed je na denn\u00edm po\u0159\u00e1dku a jakmile se bl\u00ed\u017e\u00ed V\u00e1noce, je situace o to hor\u0161\u00ed. Ka\u017ed\u00e9 d\u00edt\u011b by cht\u011blo na V\u00e1noce v\u0161echny d\u00e1rky, kter\u00e9 si p\u0159eje a nejl\u00e9pe je\u0161t\u011b n\u011bco nav\u00edc. Ov\u0161em \u010dlov\u011bk nem\u016f\u017ee d\u00e1t d\u00edt\u011bti v\u0161e, na co si vzpomene a je dobr\u00e9 se dr\u017eet p\u0159i zemi. Mnoho d\u011bt\u00ed toti\u017e nezn\u00e1 hodnotu pen\u011bz a vym\u00fd\u0161l\u00ed si d\u00e1rky za des\u00edtky tis\u00edc, kter\u00e9 ve fin\u00e1le budou le\u017eet v gar\u00e1\u017ei a nikdo je nevyu\u017eije. Jen si vezm\u011bte, \u017ee nov\u00fd IPhone stoj\u00ed takov\u00fd bal\u00edk, \u017ee byste dok\u00e1zali zaplatit n\u00e1jem na p\u016fl roku. Ov\u0161em to d\u011bti nevid\u00ed a zkr\u00e1tka tyto drah\u00e9 d\u00e1rky cht\u011bj\u00ed. Pokud chcete j\u00edt zlatou st\u0159edn\u00ed cestou a uva\u017eujete a praktick\u00e9m d\u00e1rku, kter\u00fd vyu\u017eij\u00ed, tak jim kupte d\u011btsk\u00fd sedac\u00ed vak, kter\u00fd ocen\u00ed jak holky, tak kluci.Tyto vaky se vyr\u00e1b\u011bj\u00ed jak pro jednotlivce, tak pro v\u00edce lid\u00ed a jsou ide\u00e1ln\u00ed do ka\u017ed\u00e9ho pokoj\u00ed\u010dku. Samoz\u0159ejmost\u00ed je, \u017ee se vyr\u00e1b\u011bj\u00ed v mnoha barv\u00e1ch a proveden\u00ed a bude jen na V\u00e1s, zda chcete sedac\u00ed vak pro kluka \u010di pro holku. Podle toho vyberte barvu, aby vak spl\u00fdval s pokoj\u00ed\u010dkem a dokonale zapadl do interi\u00e9ru m\u00edstnosti. Tyto vaky jsou p\u0159\u00edmo d\u011blan\u00e9 na styk s d\u011btmi a jsou vyrobeny z vod\u011bodoln\u00e9ho materi\u00e1lu, kter\u00e9 se dob\u0159e um\u00fdv\u00e1.Tud\u00ed\u017e zamaz\u00e1n\u00ed j\u00eddlem, \u010di polit\u00ed pit\u00edm nebude probl\u00e9m z vaku odstranit. Nav\u00edc se jedn\u00e1 o modern\u00ed dopln\u011bk do pokoj\u00ed\u010dku a d\u00edt\u011b ve vaku m\u016f\u017ee nejen sp\u00e1t \u010di odpo\u010d\u00edvat, ale tak\u00e9 se u\u010dit. Jde tud\u00ed\u017e o velice praktick\u00fd d\u00e1rek, ze kter\u00e9ho bude d\u00edt\u011b nad\u0161en\u00e9. Vaky v\u0161ak nejsou prim\u00e1rn\u011b ur\u010den\u00e9 pouze do d\u011btsk\u00e9ho pokoj\u00ed\u010dku, ale daj\u00ed se um\u00edstit i do obyv\u00e1ku \u010di na terasu v letn\u00edm obdob\u00ed. Vaky jsou velice p\u0159\u00edjemn\u00e9 na dotek a tak\u00e9 jsou velice pohodln\u00e9. Sedac\u00ed vaky jsou tak ide\u00e1ln\u00ed jako v\u00e1no\u010dn\u00ed d\u00e1rek a jsou velice praktick\u00e9. Tud\u00ed\u017e nev\u00e1hejte a objednejte d\u011btem do pokoj\u00ed\u010dku vak, ze kter\u00e9ho budete m\u00edt probl\u00e9m je dostat.                                                                                                                                                                                                                                                                                                                                                                                                  "},{"@context":"https:\/\/schema.org\/","@type":"BreadcrumbList","itemListElement":[{"@type":"ListItem","position":1,"name":"Sedac\u00ed vaky pro d\u011bti i pro dosp\u011bl\u00e9","item":"https:\/\/www.mesro.cz\/sedaci-vaky-pro-deti-i-pro-dospele\/#breadcrumbitem"}]}]