[{"@context":"https:\/\/schema.org\/","@type":"Article","@id":"https:\/\/www.mesro.cz\/sport-me-bavi\/#Article","mainEntityOfPage":"https:\/\/www.mesro.cz\/sport-me-bavi\/","headline":"Sport m\u011b bav\u00ed","name":"Sport m\u011b bav\u00ed","description":"Sport m\u011b v\u017edycky bavil a j\u00e1 jsem v\u011bd\u011bla, \u017ee v budoucnu budu cht\u00edt taky z\u00e1vodn\u011b sportovat. A cht\u011bla jsem,.","datePublished":"2022-09-30","dateModified":"2023-09-13","author":{"@type":"Person","@id":"https:\/\/www.mesro.cz\/author\/#Person","name":"","url":"https:\/\/www.mesro.cz\/author\/","identifier":1,"image":{"@type":"ImageObject","@id":"https:\/\/secure.gravatar.com\/avatar\/c61c2d82e330ff9c70cf023b4c62d411e8407bcb38f85df591fa270717754b44?s=96&d=mm&r=g","url":"https:\/\/secure.gravatar.com\/avatar\/c61c2d82e330ff9c70cf023b4c62d411e8407bcb38f85df591fa270717754b44?s=96&d=mm&r=g","height":96,"width":96}},"publisher":{"@type":"Organization","name":"mesro.cz","logo":{"@type":"ImageObject","@id":"\/logo.png","url":"\/logo.png","width":600,"height":60}},"image":{"@type":"ImageObject","@id":"https:\/\/www.mesro.cz\/wp-content\/uploads\/cyclist-3202481_960_720.jpg","url":"https:\/\/www.mesro.cz\/wp-content\/uploads\/cyclist-3202481_960_720.jpg","height":0,"width":0},"url":"https:\/\/www.mesro.cz\/sport-me-bavi\/","about":["Sport"],"wordCount":411,"articleBody":"Sport m\u011b v\u017edycky bavil a j\u00e1 jsem v\u011bd\u011bla, \u017ee v budoucnu budu cht\u00edt taky z\u00e1vodn\u011b sportovat. A cht\u011bla jsem, abych byla dokonal\u00e1 sportovkyn\u011b a taky m\u016fj sen byl, abych se dostala na olympi\u00e1du. Jenom\u017ee kdy\u017e to tak vezmu, tak na olympi\u00e1du chce j\u00edt opravdu ka\u017ed\u00fd \u010dlov\u011bk, kter\u00fd m\u00e1 r\u00e1d sport. Anebo vy zn\u00e1te n\u011bjak\u00e9ho sportovn\u00edho nad\u0161ence, kter\u00fd by necht\u011bl na olympi\u00e1du? J\u00e1 tedy ne, proto\u017ee kdy\u017e jsem chodila do krou\u017eku plav\u00e1n\u00ed a taky je\u017ed\u011bn\u00ed na kole\u010dkov\u00fdch brusl\u00edch, tak tam v\u0161ichni \u0159\u00edkali, \u017ee by cht\u011bli sout\u011b\u017eit taky na olympi\u00e1d\u011b. A taky tam padly r\u016fzn\u00e9 n\u00e1zory, kter\u00fdm jsem tedy moc\u00a0nerozum\u011bla. Sice zn\u00e1m dost\u00a0sportovn\u00edch\u00a0v\u00fdraz\u016f, ale zase nejsem v\u0161ev\u011bd. A \u017ee bych kv\u016fli tomuto sportu jela na olympi\u00e1du? Klidn\u011b hned! Mysl\u00edm, \u017ee jsme ve sportu\u00a0opravdu\u00a0dobr\u00e1.\u00a0Alespo\u0148\u00a0tedy moje u\u010ditelka t\u011blocviku a m\u016fj tren\u00e9r to \u0159\u00edkali.\u00a0\u00a0A j\u00e1 jim v\u011b\u0159\u00edm, proto\u017ee j\u00e1 jsem byla takov\u00e1 hodn\u011b sna\u017eiv\u00e1 a v\u0161echno jsem d\u011blala\u00a0opravdu\u00a0dost pe\u010dliv\u011b. Jenom\u017ee jsem ale v\u011bd\u011bla, \u017ee nejsem tak dokonal\u00e1, abych m\u011bla v\u016fbec na to, jet na olympijsk\u00e9 hry. Tam sportovec mus\u00ed b\u00fdt v\u00edce ne\u017e dokonal\u00fd! A tak jsem si \u0159ekla, \u017ee i bych tam mohla b\u00fdt alespo\u0148 osobn\u011b v publiku. A to se taky po\u010d\u00edt\u00e1! A podle m\u00e9ho n\u00e1zoru opravdu ka\u017ed\u00fd sportovn\u00ed nad\u0161enec by tohle taky uv\u00edtal. A taky p\u0159eci nemus\u00ed b\u00fdt tam, kde cht\u011bj\u00ed b\u00fdt v\u0161ichni. Nemus\u00ed pr\u0161et, sta\u010d\u00ed, kdy\u017e kapek. Vy jist\u011b zn\u00e1te tohle po\u0159ekadlo. A j\u00e1 si mysl\u00edm, \u017ee je opravdu v\u00edce ne\u017e pravdiv\u00e9. J\u00e1 sama jsem takov\u00e1, \u017ee m\u011b sta\u010d\u00ed opravdu trochu. A taky jsem se s t\u00edm sm\u00ed\u0159ila, \u017ee nebudu nikdy dokonal\u00e1 sportovkyn\u011b, kter\u00e1 sportuje z\u00e1vodn\u011b. Opravdu mi sta\u010d\u00ed, kdy\u017e d\u011bl\u00e1m sv\u016fj obl\u00edben\u00fd sport rekrea\u010dn\u011b, a to je taky nav\u00edc velmi \u010dasto, tak\u017ee jsem opravdu moc spokojen\u00e1. Sice m\u011b to ob\u010das zamrz\u00ed, \u017ee nejsem na olympi\u00e1d\u011b, ale co m\u00e1m\u00a0d\u011blat. Sv\u011bt se kv\u016fli sportu na olympi\u00e1d\u011b\u00a0nezbo\u0159\u00ed. A t\u0159eba moje d\u011bti\u00a0budou\u00a0\u00fasp\u011b\u0161n\u00e9, kdov\u00ed.\u00a0                                                                                                                                                                                                                                                                                                                                                                                                "},{"@context":"https:\/\/schema.org\/","@type":"BreadcrumbList","itemListElement":[{"@type":"ListItem","position":1,"name":"Sport m\u011b bav\u00ed","item":"https:\/\/www.mesro.cz\/sport-me-bavi\/#breadcrumbitem"}]}]