[{"@context":"https:\/\/schema.org\/","@type":"Article","@id":"https:\/\/www.mesro.cz\/strach-neni-pro-rizeni-dobry\/#Article","mainEntityOfPage":"https:\/\/www.mesro.cz\/strach-neni-pro-rizeni-dobry\/","headline":"Strach nen\u00ed pro \u0159\u00edzen\u00ed dobr\u00fd","name":"Strach nen\u00ed pro \u0159\u00edzen\u00ed dobr\u00fd","description":"O aut\u011b se d\u00e1 mluvit i jako o radosti, a ne po\u0159\u00e1d jenom o starostech. Pro m\u011b v\u017edycky bylo.","datePublished":"2024-05-18","dateModified":"2024-05-18","author":{"@type":"Person","@id":"https:\/\/www.mesro.cz\/author\/#Person","name":"","url":"https:\/\/www.mesro.cz\/author\/","identifier":1,"image":{"@type":"ImageObject","@id":"https:\/\/secure.gravatar.com\/avatar\/c61c2d82e330ff9c70cf023b4c62d411e8407bcb38f85df591fa270717754b44?s=96&d=mm&r=g","url":"https:\/\/secure.gravatar.com\/avatar\/c61c2d82e330ff9c70cf023b4c62d411e8407bcb38f85df591fa270717754b44?s=96&d=mm&r=g","height":96,"width":96}},"publisher":{"@type":"Organization","name":"mesro.cz","logo":{"@type":"ImageObject","@id":"\/logo.png","url":"\/logo.png","width":600,"height":60}},"image":{"@type":"ImageObject","@id":"https:\/\/www.mesro.cz\/wp-content\/uploads\/car-1890494_1280_8.jpg","url":"https:\/\/www.mesro.cz\/wp-content\/uploads\/car-1890494_1280_8.jpg","height":0,"width":0},"url":"https:\/\/www.mesro.cz\/strach-neni-pro-rizeni-dobry\/","about":["Auto moto"],"wordCount":425,"articleBody":"O aut\u011b se d\u00e1 mluvit i jako o radosti, a ne po\u0159\u00e1d jenom o starostech. Pro m\u011b v\u017edycky bylo auto opravdu velkou radost\u00ed, proto\u017ee kdybych si \u0159\u00edkala, \u017ee je to velk\u00e1 starost, tak bych si auto nikdy prost\u011b nekoupila. Auto n\u00e1m d\u00e1v\u00e1 velkou radost, ale samoz\u0159ejm\u011b je to velk\u00e1 zodpov\u011bdnost, ale na to my opravdu nesm\u00edme myslet. Mus\u00edme myslet na to, \u017ee opravdu je to v\u0161echno \u00fa\u017easn\u00e9 a \u017ee se n\u00e1m l\u00edb\u00ed, jak \u0159\u00edd\u00edme, a \u017ee jsme se sebou spokojen\u00ed. Pokud ale p\u0159i j\u00edzd\u011b budete po\u0159\u00e1d \u0159\u00edkat, jak jste stresovan\u00ed a jak se boj\u00edte \u0159\u00eddit a m\u00e1te strach, \u017ee n\u011bkoho p\u0159ejedete, tak opravdu nem\u00e1te za volantem v\u016fbec co d\u011blat. J\u00e1 to takhle opravdu m\u00e1m, \u017ee se v\u017edycky sna\u017e\u00edm za volantem myslet na to nejkr\u00e1sn\u011bj\u0161\u00ed a na to nejpozitivn\u011bj\u0161\u00ed. Kdy\u017e budete pozitivn\u00ed, tak opravdu zjist\u00edte, \u017ee se v\u00e1m \u0159\u00edd\u00ed mnohem l\u00e9pe, a j\u00e1 jsem to na sob\u011b takhle poc\u00edtila. J\u00e1 to takhle prost\u011b m\u00e1m, proto\u017ee opravdu, kdy\u017e \u0159\u00edd\u00edm a \u0159\u00edk\u00e1m si to pozitivn\u00ed, tak se c\u00edt\u00edm mnohem l\u00e9pe a m\u00e1m kr\u00e1snou j\u00edzdu. Samoz\u0159ejm\u011b mnoho lid\u00ed tohle opravdu neum\u00ed, boj\u00ed se t\u0159eba jako moje sestra. I p\u0159esto, \u017ee moje sestra si ud\u011blala \u0159idi\u010dsk\u00fd pr\u016fkaz, tak prost\u011b se boj\u00ed \u0159\u00eddit, a kdy\u017e se boj\u00ed, tak opravdu ne\u0159\u00edd\u00ed. Sna\u017eila jsem se j\u00ed vysv\u011btlit, \u017ee se v\u016fbec nemus\u00ed ni\u010deho b\u00e1t, \u017ee to v\u0161echno zvl\u00e1dne, a\u0165 mysl\u00ed na n\u011bco pozitivn\u00edho, ale ono to nejde, proto\u017ee za\u010d\u00e1tky jsou v\u017edy opravdu t\u011b\u017ek\u00e9. Samoz\u0159ejm\u011b i p\u0159esto, \u017ee druh\u00e9ho \u010dlov\u011bka motivujete, tak prost\u011b ten druh\u00fd \u010dlov\u011bk to vid\u00ed n\u011bjak jinak, a prost\u011b se s n\u00edm na tom nedomluv\u00edte, tak\u017ee hold nebude ten \u010dlov\u011bk \u0159\u00eddit. Samoz\u0159ejm\u011b, ale je mo\u017en\u00e9, \u017ee ten \u010dlov\u011bk, kter\u00fd v\u00e1m sd\u011bl\u00ed, \u017ee se boj\u00ed \u0159\u00eddit a opravdu ne\u0159\u00edd\u00ed, \u017ee se to t\u0159eba \u010dasem zm\u011bn\u00ed a najednou se rozhodne, \u017ee \u0159\u00eddit bude, a p\u0159estane m\u00edt takov\u00fd strach. Popravd\u011b si vezm\u011bte moje slova k srdci, proto\u017ee kdy\u017e si p\u0159estanete b\u00e1t, tak uvid\u00edte, \u017ee budete \u0159\u00eddit opravdu skv\u011ble a v klidu. To je t\u00edm nejd\u016fle\u017eit\u011bj\u0161\u00edm pro \u0159\u00edzen\u00ed. Hlavn\u011b zachov\u00e1vat klid.                                                                                                                                                                                                                                                                                                                                                                                                "},{"@context":"https:\/\/schema.org\/","@type":"BreadcrumbList","itemListElement":[{"@type":"ListItem","position":1,"name":"Strach nen\u00ed pro \u0159\u00edzen\u00ed dobr\u00fd","item":"https:\/\/www.mesro.cz\/strach-neni-pro-rizeni-dobry\/#breadcrumbitem"}]}]