[{"@context":"https:\/\/schema.org\/","@type":"Article","@id":"https:\/\/www.mesro.cz\/ubytovani-na-horach\/#Article","mainEntityOfPage":"https:\/\/www.mesro.cz\/ubytovani-na-horach\/","headline":"Ubytov\u00e1n\u00ed na hor\u00e1ch","name":"Ubytov\u00e1n\u00ed na hor\u00e1ch","description":"U\u017e dlouh\u00e9 roky p\u0159em\u00fd\u0161l\u00edte, \u017ee si ud\u011bl\u00e1te s rodinou zimn\u00ed dovolenou, ale zat\u00edm jste nikde nebyli? Pokud ano, tak.","datePublished":"2022-11-12","dateModified":"2023-05-03","author":{"@type":"Person","@id":"https:\/\/www.mesro.cz\/author\/#Person","name":"","url":"https:\/\/www.mesro.cz\/author\/","identifier":1,"image":{"@type":"ImageObject","@id":"https:\/\/secure.gravatar.com\/avatar\/c61c2d82e330ff9c70cf023b4c62d411e8407bcb38f85df591fa270717754b44?s=96&d=mm&r=g","url":"https:\/\/secure.gravatar.com\/avatar\/c61c2d82e330ff9c70cf023b4c62d411e8407bcb38f85df591fa270717754b44?s=96&d=mm&r=g","height":96,"width":96}},"publisher":{"@type":"Organization","name":"mesro.cz","logo":{"@type":"ImageObject","@id":"\/logo.png","url":"\/logo.png","width":600,"height":60}},"image":{"@type":"ImageObject","@id":"https:\/\/www.mesro.cz\/wp-content\/uploads\/backcountry-skiiing-g809805734_1920.jpg","url":"https:\/\/www.mesro.cz\/wp-content\/uploads\/backcountry-skiiing-g809805734_1920.jpg","height":0,"width":0},"url":"https:\/\/www.mesro.cz\/ubytovani-na-horach\/","about":["Firmy"],"wordCount":420,"articleBody":"       U\u017e dlouh\u00e9 roky p\u0159em\u00fd\u0161l\u00edte, \u017ee si ud\u011bl\u00e1te s rodinou zimn\u00ed dovolenou, ale zat\u00edm jste nikde nebyli? Pokud ano, tak to letos zm\u011b\u0148te a vyrazte s rodinou na takovou dovolenou, na kterou si budete zaru\u010den\u011b pamatovat. Zimn\u00ed dovolen\u00e1 v\u00e1m oproti t\u00e9 letn\u00ed nab\u00eddne radov\u00e1nky na sjezdovk\u00e1ch, tepl\u00fd pun\u010d \u010di sva\u0159\u00e1k a mnoho z\u00e1bavy, kter\u00e9 jen t\u011b\u017eko na t\u00e9 letn\u00ed za\u017eijete. Ov\u0161em nen\u00ed tomu tak v\u0161ude a \u010dlov\u011bk mus\u00ed vyb\u00edrat velmi pe\u010dliv\u011b, aby zimn\u00ed dovolen\u00e1 odpov\u00eddala jeho po\u017eadavk\u016fm. Apartm\u00e1ny Jesen\u00edky, jsou to prav\u00e9 pro rodiny s d\u011btmi, ale i pro se\u0161lost s kamar\u00e1dy.Toto modern\u00ed ubytov\u00e1n\u00ed v srdci hor v\u00e1m nab\u00eddne komfort, z\u00e1zem\u00ed a tak\u00e9 vlastn\u00ed koupelnu se soci\u00e1ln\u00edm za\u0159\u00edzen\u00edm. Samoz\u0159ejmost\u00ed je Wifi, pro va\u0161e d\u011bti a tak\u00e9 Smart televize, kterou ur\u010dit\u011b ocen\u00edte, kdy\u017e bude venku v\u00e1nice. Ka\u017ed\u00fd apartm\u00e1n m\u00e1 sv\u016fj vlastn\u00ed kuchy\u0148sk\u00fd kout, kde si m\u016f\u017eete p\u0159ipravit j\u00eddlo. Sou\u010d\u00e1st\u00ed kuchy\u0148sk\u00e9ho koutu je varn\u00e1 deska, k\u00e1vovar, lednice \u010di mikrovlnn\u00e1 trouba. Nach\u00e1z\u00ed se zde tak\u00e9 terase, kde je p\u0159\u00edjemn\u00e9 posezen\u00ed, pokud sv\u00edt\u00ed slun\u00ed\u010dko a p\u0159eje po\u010das\u00ed. Parkov\u00e1n\u00ed je samoz\u0159ejm\u011b hned u apartm\u00e1nu a nemus\u00edte tak \u017e\u00e1dn\u00e9 v\u011bci tahat vzd\u00e1len\u00e9 kilometry. Velk\u00fdm plusem jsou zaru\u010den\u011b bezbari\u00e9rov\u00e9 apartm\u00e1ny, kter\u00e9 se nach\u00e1z\u00ed hned v p\u0159\u00edzem\u00ed. Ka\u017ed\u00fd z apartm\u00e1n\u016f m\u00e1 sv\u016fj vlastn\u00ed vchod a nebudete tak b\u011bhem cel\u00e9ho pobytu nik\u00fdm ru\u0161eni. M\u016f\u017eete si u\u017e\u00edvat n\u00e1dhern\u00e9 p\u0159\u00edrody a ticha. Nedaleko t\u011bchto apartm\u00e1n\u016f se nach\u00e1z\u00ed ly\u017ea\u0159sk\u00e9 st\u0159edisko \u010cer\u0165\u00e1k, kter\u00e1 je vhodn\u00e9 jak pro za\u010d\u00e1te\u010dn\u00edky, tak pro pokro\u010dil\u00e9. Samoz\u0159ejmost\u00ed je, \u017ee jsou zde i b\u011b\u017eka\u0159sk\u00e9 trat\u011b, kter\u00e9 jsou b\u011bhem cel\u00e9 zimy udr\u017eov\u00e1ny. M\u016f\u017eete tak vyrazit s d\u011btmi na sjezdovku, na b\u011b\u017eky \u010di zvolit s\u00e1\u0148ky a u\u017e\u00edt si pouze zimn\u00ed radov\u00e1nky. Pokud jste nikdy na zimn\u00ed dovolen\u00e9 nebyly, tak ud\u011blejte zm\u011bnu a zav\u00edtejte pr\u00e1v\u011b do Jesen\u00edk\u016f, kde v\u00e1s okouzl\u00ed zdej\u0161\u00ed p\u0159\u00edroda. Zaru\u010den\u011b nebudete t\u00e9to dovolen\u00e9 litovat a va\u0161e d\u011bti budou m\u00edt spoustu z\u00e1\u017eitk\u016f, kter\u00e9 budou vykl\u00e1dat sv\u00fdm p\u0159\u00e1tel\u016fm.                                                                                                                                                                                                                                                                                                                                                                                                  "},{"@context":"https:\/\/schema.org\/","@type":"BreadcrumbList","itemListElement":[{"@type":"ListItem","position":1,"name":"Ubytov\u00e1n\u00ed na hor\u00e1ch","item":"https:\/\/www.mesro.cz\/ubytovani-na-horach\/#breadcrumbitem"}]}]