[{"@context":"https:\/\/schema.org\/","@type":"Article","@id":"https:\/\/www.mesro.cz\/uceni-me-bavi\/#Article","mainEntityOfPage":"https:\/\/www.mesro.cz\/uceni-me-bavi\/","headline":"U\u010den\u00ed m\u011b bav\u00ed","name":"U\u010den\u00ed m\u011b bav\u00ed","description":"V\u017edycky jsem cht\u011bla m\u00edt n\u011bjakou vysokou \u0161kolu. Tohle jsem si \u0159\u00edkala, kdy\u017e mi bylo asi jeden\u00e1ct\u00a0let. Nev\u011bd\u011bla jsem sice.","datePublished":"2022-09-30","dateModified":"2023-09-13","author":{"@type":"Person","@id":"https:\/\/www.mesro.cz\/author\/#Person","name":"","url":"https:\/\/www.mesro.cz\/author\/","identifier":1,"image":{"@type":"ImageObject","@id":"https:\/\/secure.gravatar.com\/avatar\/c61c2d82e330ff9c70cf023b4c62d411e8407bcb38f85df591fa270717754b44?s=96&d=mm&r=g","url":"https:\/\/secure.gravatar.com\/avatar\/c61c2d82e330ff9c70cf023b4c62d411e8407bcb38f85df591fa270717754b44?s=96&d=mm&r=g","height":96,"width":96}},"publisher":{"@type":"Organization","name":"mesro.cz","logo":{"@type":"ImageObject","@id":"\/logo.png","url":"\/logo.png","width":600,"height":60}},"image":{"@type":"ImageObject","@id":"https:\/\/www.mesro.cz\/wp-content\/uploads\/tux-161406_960_720.png","url":"https:\/\/www.mesro.cz\/wp-content\/uploads\/tux-161406_960_720.png","height":0,"width":0},"url":"https:\/\/www.mesro.cz\/uceni-me-bavi\/","about":["Vzd\u011bl\u00e1n\u00ed"],"wordCount":415,"articleBody":"V\u017edycky jsem cht\u011bla m\u00edt n\u011bjakou vysokou \u0161kolu. Tohle jsem si \u0159\u00edkala, kdy\u017e mi bylo asi jeden\u00e1ct\u00a0let. Nev\u011bd\u011bla jsem sice jak na to, proto\u017ee ka\u017ed\u00fd mi \u0159\u00edkal, \u017ee vysok\u00e1 \u0161kola je opravdu drah\u00e1. Tak jsem z toho byla velmi zklaman\u00e1. A potom jsem se ale dala na gymn\u00e1zium, kde m\u011b to\u00a0bavilo\u00a0a\u00a0nebylo to tak slo\u017eit\u00e9, jak jsme si\u00a0kdysi\u00a0myslela. Opravdu hodn\u011b m\u011b to bavilo a \u0161lo mi to samo od sebe. Tak jsem si \u0159ekla, \u017ee kdy\u017e potom dod\u011bl\u00e1m gymn\u00e1zium, t\u0159eba budu m\u00edt n\u011bjak\u00e9 stipendium a dostanu se na vysokou \u0161kolu. Je logick\u00e9, \u017ee se mi tento sen nesplnil a stipendium jsem samoz\u0159ejm\u011b nedostala, ale taky jsem se dostala na vy\u0161\u0161\u00ed odbornou \u0161kolu.\u00a0\u00a0Moc se mi tam l\u00edbilo byla jsem velmi \u0161\u0165astn\u00e1 a taky nad\u0161en\u00e1, \u017ee\u00a0jsem to dok\u00e1zala. A taky jsem se tam na\u0161la opravdu skv\u011bl\u00e9 kamar\u00e1dy, kte\u0159\u00ed taky studovali vysokou \u0161kolu a byl to jejich sen, stejn\u011b tak jako m\u016fj. Nev\u011bd\u011bla jsem, jak se jich zase zeptat na to, \u010d\u00edm by cht\u011bli b\u00fdt, kdyby nechodili na vy\u0161\u0161\u00ed odbornou \u0161kolu. jeden mi dokonce \u0159ekl, \u017ee cht\u011bl b\u00fdt u\u010ditel. \u0158ekla jsem si, \u017ee to nen\u00ed \u0161patn\u00fd n\u00e1pad, \u017ee je to skv\u011bl\u00e9. Proto\u017ee vlastn\u011b i u\u010ditel mus\u00ed se dob\u0159e u\u010dit. Moje kamar\u00e1dka je u\u010ditelka na z\u00e1kladn\u00ed \u0161kole pro prvn\u00ed stupe\u0148. Kamar\u00e1dka mi \u0159\u00edk\u00e1, \u017ee\u00a0opravdu\u00a0lep\u0161\u00ed zam\u011bstn\u00e1n\u00ed si vybrat nemohla. Proto\u017ee ona se moc r\u00e1da u\u010d\u00ed, tak\u017ee u\u010den\u00ed d\u011bt\u00ed je pro ni bylo opravdu jako odm\u011bna. \u0158\u00edk\u00e1, \u017ee lep\u0161\u00ed pr\u00e1ce si vybrat nemohla a taky se chce je\u0161t\u011b dostudovat, aby mohla u\u010dit taky druh\u00fd stupe\u0148 z\u00e1kladn\u00ed \u0161koly. Mn\u011b se tohle l\u00edb\u00ed a jsem r\u00e1da, \u017ee takov\u00ed lid\u00e9 je\u0161t\u011b existuj\u00ed. Proto\u017ee vzd\u011bl\u00e1n\u00ed je opravdu na prvn\u00edm m\u00edst\u011b. Pro mnoho lid\u00ed, a to hlavn\u011b pro m\u011b. A jak jste se\u00a0u\u010dili\u00a0vy? Bav\u00ed v\u00e1s \u0161kola nebo jste ji brali sp\u00ed\u0161e jako za trest nebo jenom jako povinnost? J\u00e1 se v\u00e1m mohu s klidem sv\u011b\u0159it, \u017ee j\u00e1 u\u010den\u00ed a vzd\u011bl\u00e1v\u00e1n\u00ed se\u00a0miluji\u00a0a d\u011bl\u00e1m to dodnes, i kdy\u017e m\u00e1m po\u00a0t\u0159ic\u00edtce. Studuji jazyky a je to m\u016fj kon\u00ed\u010dek.\u00a0\u00a0                                                                                                                                                                                                                                                                                                                                                                                                "},{"@context":"https:\/\/schema.org\/","@type":"BreadcrumbList","itemListElement":[{"@type":"ListItem","position":1,"name":"U\u010den\u00ed m\u011b bav\u00ed","item":"https:\/\/www.mesro.cz\/uceni-me-bavi\/#breadcrumbitem"}]}]