[{"@context":"https:\/\/schema.org\/","@type":"Article","@id":"https:\/\/www.mesro.cz\/vzdelani-v-rozvojovych-zemich\/#Article","mainEntityOfPage":"https:\/\/www.mesro.cz\/vzdelani-v-rozvojovych-zemich\/","headline":"Vzd\u011bl\u00e1n\u00ed v rozvojov\u00fdch zem\u00edch","name":"Vzd\u011bl\u00e1n\u00ed v rozvojov\u00fdch zem\u00edch","description":"Vzd\u011bl\u00e1n\u00ed je opravdu d\u016fle\u017eit\u00e9. V dne\u0161n\u00ed dob\u011b bez dobr\u00e9ho vzd\u011bl\u00e1n\u00ed nenajdeme \u017e\u00e1dnou pr\u00e1ci a nem\u00e1me \u0161anci u\u017eivit svoji vlastn\u00ed.","datePublished":"2022-07-17","dateModified":"2023-05-03","author":{"@type":"Person","@id":"https:\/\/www.mesro.cz\/author\/#Person","name":"","url":"https:\/\/www.mesro.cz\/author\/","identifier":1,"image":{"@type":"ImageObject","@id":"https:\/\/secure.gravatar.com\/avatar\/c61c2d82e330ff9c70cf023b4c62d411e8407bcb38f85df591fa270717754b44?s=96&d=mm&r=g","url":"https:\/\/secure.gravatar.com\/avatar\/c61c2d82e330ff9c70cf023b4c62d411e8407bcb38f85df591fa270717754b44?s=96&d=mm&r=g","height":96,"width":96}},"publisher":{"@type":"Organization","name":"mesro.cz","logo":{"@type":"ImageObject","@id":"\/logo.png","url":"\/logo.png","width":600,"height":60}},"image":{"@type":"ImageObject","@id":"https:\/\/www.mesro.cz\/wp-content\/uploads\/glasses-1052010_640_4.jpg","url":"https:\/\/www.mesro.cz\/wp-content\/uploads\/glasses-1052010_640_4.jpg","height":0,"width":0},"url":"https:\/\/www.mesro.cz\/vzdelani-v-rozvojovych-zemich\/","about":["Vzd\u011bl\u00e1n\u00ed"],"wordCount":504,"articleBody":"Vzd\u011bl\u00e1n\u00ed je opravdu d\u016fle\u017eit\u00e9. V dne\u0161n\u00ed dob\u011b bez dobr\u00e9ho vzd\u011bl\u00e1n\u00ed nenajdeme \u017e\u00e1dnou pr\u00e1ci a nem\u00e1me \u0161anci u\u017eivit svoji vlastn\u00ed rodinu. Ale m\u00e1me na v\u00fdb\u011br, a hlavn\u011b m\u00e1me mo\u017enosti. M\u00e1me \u0161anci se vzd\u011bl\u00e1vat tak jak my chceme. M\u016f\u017eeme se rozhodnout. Jestli ano anebo jestli ne. M\u016f\u017eete nam\u00edtat, \u017ee chodit na vysokou \u0161kolu je n\u00e1kladn\u00e9. A \u017ee pokud chcete studovat vylu\u010duje se u toho i pracovat. A tak je pro n\u011bkter\u00e9 t\u011b\u017ek\u00e9 \u0161koln\u00e9 na n\u011bkter\u00fdch soukrom\u00fdch \u0161kol\u00e1ch ut\u00e1hnout. Ale jak\u00e1 je situace v dne\u0161n\u00edch rozvojov\u00fdch zem\u00edch? D\u011bti v nich nemaj\u00ed na v\u00fdb\u011br. Nemohou j\u00edt studovat na \u0161koly, kter\u00e9 by cht\u011bly.Proto\u017ee za prv\u00e9 tolik \u0161kol u nich ani nenajdeme. A nen\u00ed ani dostatek pro\u0161kolen\u00fdch u\u010ditel\u016f, kte\u0159\u00ed by v takov\u00fdch oblastech cht\u011bli u\u010dit. Nen\u00ed toti\u017e v\u00fdjimkou, \u017ee se v takov\u00fdch zem\u00edch st\u0159\u00edl\u00ed anebo okr\u00e1daj\u00ed lid\u00e9. Ten, kdo tu chce za\u010d\u00edt u\u010dit mus\u00ed b\u00fdt odv\u00e1\u017en\u00fd a m\u00edt srdce ze zlata. D\u011bti jsou v t\u011bchto zem\u00edch velmi vd\u011b\u010dn\u00e9 i za sebemen\u0161\u00ed mali\u010dkost. U\u010d\u00ed se r\u00e1di a rychle. Maj\u00ed velikou radost z toho, \u017ee se mohou nau\u010dit \u00fapln\u00e9 z\u00e1klady. Jako je \u010dten\u00ed a po\u010d\u00edt\u00e1n\u00ed. Bohu\u017eel ve v\u011bt\u0161in\u011b p\u0159\u00edpad\u016f se jim ani v\u011bt\u0161\u00edho vzd\u011bl\u00e1n\u00ed nedost\u00e1v\u00e1. V rozvojov\u00fdch zem\u00edch je toti\u017e z\u00e1kladn\u00ed probl\u00e9m st\u00e1t. Odm\u00edt\u00e1 financovat jak\u00e9koliv vzd\u011bl\u00e1v\u00e1n\u00ed. Proto\u017ee v\u0161echny finan\u010dn\u00ed prost\u0159edky pou\u017e\u00edvaj\u00ed na sn\u00ed\u017een\u00ed st\u00e1tn\u00edho dluhu. A dal\u0161\u00ed pen\u00edze vyu\u017e\u00edvaj\u00ed p\u0159ev\u00e1\u017en\u011b na zbrojen\u00ed nebo v\u00e1le\u010dn\u00e9 konflikty. To je tak smutn\u00e9. Mo\u017en\u00e1 kdyby v t\u011bchto zem\u00edch byla v\u011bt\u0161\u00ed vzd\u011blanost \u017e\u00e1dn\u00e9 v\u00e1lky by nebyly zapot\u0159eb\u00ed. Dal\u0161\u00ed n\u00e1sledek nedostate\u010dn\u00e9ho vzd\u011bl\u00e1v\u00e1n\u00ed v rozvojov\u00fdch zem\u00edch je ten, \u017ee d\u011bti kv\u016fli tomu mus\u00ed pracovat. A to v nevyhovuj\u00edc\u00edch podm\u00ednk\u00e1ch a za \u00fapln\u011b minim\u00e1ln\u00ed mzdu. Nen\u00ed v\u00fdjimkou, \u017ee d\u011bti \u017eiv\u00ed celou svoji rodinu. Pokud se d\u011bti cht\u011bj\u00ed vzd\u011blat mus\u00ed spol\u00e9hat na placen\u00e9 programy a projekty od vysp\u011blej\u0161\u00edch st\u00e1t\u016f. D\u016fle\u017eit\u00e9 je, aby si d\u011bti zachovaly pov\u011bdom\u00ed o jejich tradic\u00edch a zvyc\u00edch. Ale z\u00e1rove\u0148 aby byli schopn\u00ed se za\u0159adit do norm\u00e1ln\u00ed modern\u00ed spole\u010dnosti. Je t\u0159eba postupovat pozvoln\u011b a opatrn\u011b. Ale nesm\u00edme na tyto d\u011bti zapom\u00ednat. Zaslou\u017e\u00ed si kvalitn\u00ed vzd\u011bl\u00e1n\u00ed jako ka\u017ed\u00fd z v\u00e1s. Ka\u017ed\u00fd \u010dlov\u011bk je p\u0159eci velmi d\u016fle\u017eit\u00fd. A \u017e\u00e1dn\u00e9 d\u00edt\u011b si nezaslou\u017e\u00ed pracovat na nucen\u00fdch prac\u00edch za minim\u00e1ln\u00ed pen\u00edze.\u00a0                                                                                                                                                                                                                                                                                                                                                                                                "},{"@context":"https:\/\/schema.org\/","@type":"BreadcrumbList","itemListElement":[{"@type":"ListItem","position":1,"name":"Vzd\u011bl\u00e1n\u00ed v rozvojov\u00fdch zem\u00edch","item":"https:\/\/www.mesro.cz\/vzdelani-v-rozvojovych-zemich\/#breadcrumbitem"}]}]