[{"@context":"https:\/\/schema.org\/","@type":"Article","@id":"https:\/\/www.mesro.cz\/zahradniceni-v-dubnu\/#Article","mainEntityOfPage":"https:\/\/www.mesro.cz\/zahradniceni-v-dubnu\/","headline":"Zahradni\u010den\u00ed v dubnu","name":"Zahradni\u010den\u00ed v dubnu","description":"Na zahrad\u011b pat\u0159\u00ed duben k\u00a0t\u011bm nejd\u016fle\u017eit\u011bj\u0161\u00edm m\u011bs\u00edc\u016fm. Zima pominula a zahr\u00e1dk\u00e1\u0159i maj\u00ed spoustu pr\u00e1ce. Av\u0161ak duben je zn\u00e1m\u00fd sv\u00fdm.","datePublished":"2023-07-23","dateModified":"2023-07-23","author":{"@type":"Person","@id":"https:\/\/www.mesro.cz\/author\/#Person","name":"","url":"https:\/\/www.mesro.cz\/author\/","identifier":1,"image":{"@type":"ImageObject","@id":"https:\/\/secure.gravatar.com\/avatar\/c61c2d82e330ff9c70cf023b4c62d411e8407bcb38f85df591fa270717754b44?s=96&d=mm&r=g","url":"https:\/\/secure.gravatar.com\/avatar\/c61c2d82e330ff9c70cf023b4c62d411e8407bcb38f85df591fa270717754b44?s=96&d=mm&r=g","height":96,"width":96}},"publisher":{"@type":"Organization","name":"mesro.cz","logo":{"@type":"ImageObject","@id":"\/logo.png","url":"\/logo.png","width":600,"height":60}},"image":{"@type":"ImageObject","@id":"https:\/\/www.mesro.cz\/wp-content\/uploads\/V%20dubnu%20se%20zahrada%20zazelenala.jpg","url":"https:\/\/www.mesro.cz\/wp-content\/uploads\/V%20dubnu%20se%20zahrada%20zazelenala.jpg","height":0,"width":0},"url":"https:\/\/www.mesro.cz\/zahradniceni-v-dubnu\/","about":["D\u016fm a zahrada"],"wordCount":447,"articleBody":"Na zahrad\u011b pat\u0159\u00ed duben k\u00a0t\u011bm nejd\u016fle\u017eit\u011bj\u0161\u00edm m\u011bs\u00edc\u016fm. Zima pominula a zahr\u00e1dk\u00e1\u0159i maj\u00ed spoustu pr\u00e1ce. Av\u0161ak duben je zn\u00e1m\u00fd sv\u00fdm vrtkav\u00fdm po\u010das\u00edm, proto sledujte jeho v\u00fdvoj a zahradnick\u00e9 pr\u00e1ce mu p\u0159izp\u016fsobte. \u010casto u\u017e toti\u017e b\u00fdvaj\u00ed tepl\u00e9 dny, ale pom\u011brn\u011b chladn\u00e9 noci, a to by mohlo nep\u0159\u00edzniv\u011b p\u016fsobit na mlad\u00e9 rostlinky. V\u00a0dubnu je toho na zahrad\u011b opravdu tolik, \u017ee zahr\u00e1dk\u00e1\u0159 nev\u00ed, kam d\u0159\u00edv sko\u010dit. Tak\u017ee, kdo m\u00e1 mo\u017enost, ten by se m\u011bl p\u0159ipravit u\u017e v\u00a0b\u0159eznu. Zejm\u00e9na s\u00a0\u00fapravou z\u00e1hon\u016f byste si m\u011bli posp\u00ed\u0161it. Kdo nehnojil na podzim a chce chl\u00e9vskou mrvu nebo kompost zapracovat do p\u016fdy a\u017e na ja\u0159e, m\u011bl by tak u\u010dinit asi t\u0159i t\u00fddny p\u0159ed v\u00fdsevem a v\u00fdsadbou. A kdo prohnojit organick\u00fdmi hnojivy nestihne, m\u016f\u017ee b\u011bhem roku pou\u017e\u00edvat hnojivo v\u00a0z\u00e1livce a hn\u016fj \u010di kompost zar\u00fdt a\u017e po sezon\u011b.N\u011bkter\u00e9 rostliny pro dubnovou, p\u0159\u00edpadn\u011b kv\u011btnovou v\u00fdsadbu je zapot\u0159eb\u00ed p\u0159edp\u011bstovat, jin\u00e9 m\u016f\u017eete vys\u00e9vat rovnou do z\u00e1honu. P\u0159edp\u011bstov\u00e1vat za\u010d\u00ednaj\u00ed zahr\u00e1dk\u00e1\u0159i podle toho, zda budou sv\u00e9 rostliny p\u011bstovat ve sklen\u00edku, anebo na venkovn\u00edch z\u00e1honech \u010di v\u00a0n\u00e1dob\u00e1ch. Do sklen\u00edku se mohou v\u00fdp\u011bstky vysazovat a\u017e o m\u011bs\u00edc d\u0159\u00edv. Co tedy p\u0159edp\u011bstovat: raj\u010data, okurky, cukety, d\u00fdn\u011b, melouny, n\u011bkter\u00e9 druhy fazol\u00ed, lilek. Tyto plodiny se v\u00a0na\u0161ich podnebn\u00fdch podm\u00ednk\u00e1ch do venkovn\u00edch podm\u00ednek vysazuj\u00ed zpravidla a\u017e po 15. kv\u011btnu, po takzvan\u00fdch \u201ezmrzl\u00fdch\u201c. To u\u017e by no\u010dn\u00ed ani rann\u00ed mraz\u00edky nem\u011bly hrozit.P\u0159\u00edmo do zem\u011b m\u016f\u017eete ji\u017e od po\u010d\u00e1tku dubna vys\u00e9vat: hr\u00e1\u0161ek, kopr, mrkev, \u010dervenou \u0159epu, petr\u017eel, hl\u00e1vkov\u00fd sal\u00e1t, mangold. M\u00e1te-li p\u0159edp\u011bstovan\u00e9 sazenice zel\u00ed, kv\u011bt\u00e1ku, kedlubny, brokolice, kapusty, apod., vysa\u010fte je a\u017e v\u00a0druh\u00e9 polovin\u011b dubna. Pokud jste v\u00a0b\u0159eznu nesta\u010dili vysadit cibuli a vys\u00edt \u0159edkvi\u010dky, u\u010di\u0148te tak hned. N\u011bkte\u0159\u00ed z\u00a0v\u00e1s p\u011bstovali ur\u010dit\u00e9 u\u017eitkov\u00e9 rostliny p\u0159es zimu a nyn\u00ed v\u00a0dubnu p\u0159i\u0161el \u010das je skl\u00edzet. Jedn\u00e1 se hlavn\u011b o p\u00f3rek, mangold, r\u016f\u017ei\u010dkovou kapustu, kade\u0159\u00e1vek. Pokud je duben bez de\u0161t\u011b, nezapome\u0148te zahradu kompletn\u011b zal\u00e9vat. A to v\u010detn\u011b v\u0161ech d\u0159evin, kter\u00e9 \u010dasto b\u011bhem zimy vysychaj\u00ed.                                                                                                                                                                                                                                                                                                                                                                                                "},{"@context":"https:\/\/schema.org\/","@type":"BreadcrumbList","itemListElement":[{"@type":"ListItem","position":1,"name":"Zahradni\u010den\u00ed v dubnu","item":"https:\/\/www.mesro.cz\/zahradniceni-v-dubnu\/#breadcrumbitem"}]}]